{"id":1219,"date":"2025-01-19T12:51:08","date_gmt":"2025-01-19T12:51:08","guid":{"rendered":"https:\/\/tara-zarandului.ro\/?p=1219"},"modified":"2025-01-19T12:54:56","modified_gmt":"2025-01-19T12:54:56","slug":"sustinem-tara-zarandului-oportunitati-de-finantare-pentru-2023-2027","status":"publish","type":"post","link":"https:\/\/tara-zarandului.ro\/?p=1219","title":{"rendered":"Sus\u021binem \u021aara Zarandului: Oportunit\u0103\u021bi de Finan\u021bare pentru 2023-2027"},"content":{"rendered":"\t\t<div data-elementor-type=\"wp-post\" data-elementor-id=\"1219\" class=\"elementor elementor-1219\" data-elementor-post-type=\"post\">\n\t\t\t\t<div class=\"elementor-element elementor-element-0d92d07 e-flex e-con-boxed wpr-particle-no wpr-jarallax-no wpr-parallax-no wpr-sticky-section-no e-con e-parent\" data-id=\"0d92d07\" data-element_type=\"container\">\n\t\t\t\t\t<div class=\"e-con-inner\">\n\t\t\t\t<div class=\"elementor-element elementor-element-3397bf8 elementor-widget elementor-widget-text-editor\" data-id=\"3397bf8\" data-element_type=\"widget\" data-widget_type=\"text-editor.default\">\n\t\t\t\t<div class=\"elementor-widget-container\">\n\t\t\t\t\t\t\t<p>\u021aara Zarandului intr\u0103 \u00eentr-o nou\u0103 etap\u0103 de dezvoltare! \u00cen perioada 2023-2027, venim cu finan\u021b\u0103ri generoase pentru a sus\u021bine fermierii, cooperativele, afacerile locale, administra\u021biile publice \u0219i ONG-urile.<\/p><p>Am \u00eenceput activitatea de promovare a oportunit\u0103\u021bilor de finan\u021bare \u0219i dorim s\u0103 v\u0103 prezent\u0103m liniile de finan\u021bare disponibile, s\u0103 discut\u0103m proiectele locale \u0219i s\u0103 contur\u0103m viitorul \u021a\u0103rii Zarandului \u00eempreun\u0103.<\/p><p><strong>Unde ne \u00eent\u00e2lnim?<\/strong><\/p><ul><li><strong>Bulze\u0219tii de Sus<\/strong> \u2013 20 ianuarie 2025, ora 10:00, Sala de \u0219edin\u021be a Consiliului Local<\/li><li><strong>Tome\u0219ti<\/strong> \u2013 20 ianuarie 2025, ora 12:00, Sala de \u0219edin\u021be a Consiliului Local<\/li><li><strong>Ribi\u021ba<\/strong> \u2013 21 ianuarie 2025, ora 10:00, C\u0103minul Cultural Ribi\u021ba<\/li><\/ul><p>\u00a0<\/p><p><strong>Ce vom discuta?<\/strong><\/p><ul><li>Finan\u021b\u0103ri pentru fermieri, cooperative \u0219i afaceri locale<\/li><li>Sprijin pentru proiectele administra\u021biei publice \u0219i ONG-uri<\/li><li>Planurile noastre pentru dezvoltarea \u021a\u0103rii Zarandului \u00een urm\u0103torii ani<\/li><\/ul><p>\u00a0<\/p><p><strong>V\u0103 a\u0219tept\u0103m cu drag s\u0103 construim \u00eempreun\u0103 viitorul regiunii noastre!<\/strong><\/p>\t\t\t\t\t\t<\/div>\n\t\t\t\t<\/div>\n\t\t\t\t\t<\/div>\n\t\t\t\t<\/div>\n\t\t\t\t<\/div>\n\t\t","protected":false},"excerpt":{"rendered":"<p>\u021aara Zarandului intr\u0103 \u00eentr-o nou\u0103 etap\u0103 de dezvoltare! \u00cen perioada 2023-2027, venim cu finan\u021b\u0103ri generoase pentru a sus\u021bine fermierii, cooperativele, afacerile locale, administra\u021biile publice \u0219i ONG-urile. Am \u00eenceput activitatea de promovare a oportunit\u0103\u021bilor de finan\u021bare \u0219i dorim s\u0103 v\u0103 prezent\u0103m liniile de finan\u021bare disponibile, s\u0103 discut\u0103m proiectele locale \u0219i s\u0103 contur\u0103m viitorul \u021a\u0103rii Zarandului \u00eempreun\u0103. Unde ne \u00eent\u00e2lnim? Bulze\u0219tii de Sus \u2013 20 ianuarie 2025, ora 10:00, Sala de \u0219edin\u021be a Consiliului Local Tome\u0219ti \u2013 20 ianuarie 2025, ora 12:00, Sala de \u0219edin\u021be a Consiliului Local Ribi\u021ba \u2013 21 ianuarie 2025, ora 10:00, C\u0103minul Cultural Ribi\u021ba \u00a0 Ce vom discuta? Finan\u021b\u0103ri pentru fermieri, cooperative \u0219i afaceri locale Sprijin pentru proiectele administra\u021biei publice \u0219i ONG-uri Planurile noastre pentru dezvoltarea \u021a\u0103rii Zarandului \u00een urm\u0103torii ani \u00a0 V\u0103 a\u0219tept\u0103m cu drag s\u0103 construim \u00eempreun\u0103 viitorul regiunii noastre!<\/p>\n","protected":false},"author":1,"featured_media":1218,"comment_status":"closed","ping_status":"open","sticky":false,"template":"","format":"standard","meta":{"footnotes":""},"categories":[8],"tags":[],"class_list":["post-1219","post","type-post","status-publish","format-standard","has-post-thumbnail","hentry","category-stiri"],"_links":{"self":[{"href":"https:\/\/tara-zarandului.ro\/index.php?rest_route=\/wp\/v2\/posts\/1219","targetHints":{"allow":["GET"]}}],"collection":[{"href":"https:\/\/tara-zarandului.ro\/index.php?rest_route=\/wp\/v2\/posts"}],"about":[{"href":"https:\/\/tara-zarandului.ro\/index.php?rest_route=\/wp\/v2\/types\/post"}],"author":[{"embeddable":true,"href":"https:\/\/tara-zarandului.ro\/index.php?rest_route=\/wp\/v2\/users\/1"}],"replies":[{"embeddable":true,"href":"https:\/\/tara-zarandului.ro\/index.php?rest_route=%2Fwp%2Fv2%2Fcomments&post=1219"}],"version-history":[{"count":4,"href":"https:\/\/tara-zarandului.ro\/index.php?rest_route=\/wp\/v2\/posts\/1219\/revisions"}],"predecessor-version":[{"id":1223,"href":"https:\/\/tara-zarandului.ro\/index.php?rest_route=\/wp\/v2\/posts\/1219\/revisions\/1223"}],"wp:featuredmedia":[{"embeddable":true,"href":"https:\/\/tara-zarandului.ro\/index.php?rest_route=\/wp\/v2\/media\/1218"}],"wp:attachment":[{"href":"https:\/\/tara-zarandului.ro\/index.php?rest_route=%2Fwp%2Fv2%2Fmedia&parent=1219"}],"wp:term":[{"taxonomy":"category","embeddable":true,"href":"https:\/\/tara-zarandului.ro\/index.php?rest_route=%2Fwp%2Fv2%2Fcategories&post=1219"},{"taxonomy":"post_tag","embeddable":true,"href":"https:\/\/tara-zarandului.ro\/index.php?rest_route=%2Fwp%2Fv2%2Ftags&post=1219"}],"curies":[{"name":"wp","href":"https:\/\/api.w.org\/{rel}","templated":true}]}}