{"id":1677,"date":"2025-09-29T08:39:37","date_gmt":"2025-09-29T08:39:37","guid":{"rendered":"https:\/\/tara-zarandului.ro\/?p=1677"},"modified":"2025-10-15T08:59:21","modified_gmt":"2025-10-15T08:59:21","slug":"comuna-bucuresci","status":"publish","type":"post","link":"https:\/\/tara-zarandului.ro\/?p=1677","title":{"rendered":"Comuna Bucure\u0219ci"},"content":{"rendered":"\t\t<div data-elementor-type=\"wp-post\" data-elementor-id=\"1677\" class=\"elementor elementor-1677\" data-elementor-post-type=\"post\">\n\t\t\t\t<div class=\"elementor-element elementor-element-44bd9aab e-flex e-con-boxed wpr-particle-no wpr-jarallax-no wpr-parallax-no wpr-sticky-section-no e-con e-parent\" data-id=\"44bd9aab\" data-element_type=\"container\">\n\t\t\t\t\t<div class=\"e-con-inner\">\n\t\t\t\t<div class=\"elementor-element elementor-element-4ae1938 elementor-widget elementor-widget-image\" data-id=\"4ae1938\" data-element_type=\"widget\" data-widget_type=\"image.default\">\n\t\t\t\t<div class=\"elementor-widget-container\">\n\t\t\t\t\t\t\t\t\t\t\t\t\t<img fetchpriority=\"high\" decoding=\"async\" width=\"768\" height=\"1075\" src=\"https:\/\/tara-zarandului.ro\/wp-content\/uploads\/2025\/10\/Bucuresci-1-768x1075.jpg\" class=\"attachment-medium_large size-medium_large wp-image-1679\" alt=\"\" srcset=\"https:\/\/tara-zarandului.ro\/wp-content\/uploads\/2025\/10\/Bucuresci-1-768x1075.jpg 768w, https:\/\/tara-zarandului.ro\/wp-content\/uploads\/2025\/10\/Bucuresci-1-214x300.jpg 214w, https:\/\/tara-zarandului.ro\/wp-content\/uploads\/2025\/10\/Bucuresci-1-731x1024.jpg 731w, https:\/\/tara-zarandului.ro\/wp-content\/uploads\/2025\/10\/Bucuresci-1-1097x1536.jpg 1097w, https:\/\/tara-zarandului.ro\/wp-content\/uploads\/2025\/10\/Bucuresci-1.jpg 1280w\" sizes=\"(max-width: 768px) 100vw, 768px\" \/>\t\t\t\t\t\t\t\t\t\t\t\t\t<\/div>\n\t\t\t\t<\/div>\n\t\t\t\t<div class=\"elementor-element elementor-element-4fadcde elementor-widget elementor-widget-spacer\" data-id=\"4fadcde\" data-element_type=\"widget\" data-widget_type=\"spacer.default\">\n\t\t\t\t<div class=\"elementor-widget-container\">\n\t\t\t\t\t<div class=\"elementor-spacer\">\n\t\t\t<div class=\"elementor-spacer-inner\"><\/div>\n\t\t<\/div>\n\t\t\t\t<\/div>\n\t\t\t\t<\/div>\n\t\t\t\t<div class=\"elementor-element elementor-element-66049f11 elementor-widget elementor-widget-text-editor\" data-id=\"66049f11\" data-element_type=\"widget\" data-widget_type=\"text-editor.default\">\n\t\t\t\t<div class=\"elementor-widget-container\">\n\t\t\t\t\t\t\t<!-- wp:paragraph -->\n<p>Prin implementarea Strategiei de Dezvoltare Local\u0103 2014\u20132020, comuna Bucure\u0219ci a realizat investi\u021bii importante pentru comunitate, printre care <strong>amenajarea unei baze sportive moderne<\/strong> destinat\u0103 activit\u0103\u021bilor recreative \u0219i competi\u021biilor locale, contribuind astfel la cre\u0219terea gradului de implicare a tinerilor \u0219i la promovarea unui stil de via\u021b\u0103 activ. \u00cen completare, <strong>achizi\u021bia de utilaje<\/strong> a sprijinit administra\u021bia local\u0103 \u00een desf\u0103\u0219urarea activit\u0103\u021bilor edilitare, \u00eembun\u0103t\u0103\u021bind serviciile publice \u0219i capacitatea de interven\u021bie \u00een teren.<\/p>\n<!-- \/wp:paragraph -->\n\n<!-- wp:paragraph -->\n<p><br>#SDL2014-2020 #GALTaraZarandului #PNDR #AFIR #MADR<\/p>\n<!-- \/wp:paragraph -->\t\t\t\t\t\t<\/div>\n\t\t\t\t<\/div>\n\t\t\t\t\t<\/div>\n\t\t\t\t<\/div>\n\t\t\t\t<\/div>\n\t\t","protected":false},"excerpt":{"rendered":"<p>Prin implementarea Strategiei de Dezvoltare Local\u0103 2014\u20132020, comuna Bucure\u0219ci a realizat investi\u021bii importante pentru comunitate, printre care amenajarea unei baze sportive moderne destinat\u0103 activit\u0103\u021bilor recreative \u0219i competi\u021biilor locale, contribuind astfel la cre\u0219terea gradului de implicare a tinerilor \u0219i la promovarea unui stil de via\u021b\u0103 activ. \u00cen completare, achizi\u021bia de utilaje a sprijinit administra\u021bia local\u0103 \u00een desf\u0103\u0219urarea activit\u0103\u021bilor edilitare, \u00eembun\u0103t\u0103\u021bind serviciile publice \u0219i capacitatea de interven\u021bie \u00een teren. #SDL2014-2020 #GALTaraZarandului #PNDR #AFIR #MADR<\/p>\n","protected":false},"author":1,"featured_media":0,"comment_status":"open","ping_status":"open","sticky":false,"template":"","format":"standard","meta":{"footnotes":""},"categories":[16],"tags":[],"class_list":["post-1677","post","type-post","status-publish","format-standard","hentry","category-rezultatele-strategiei-de-dezvoltare-locala-tara-zarandului-2014-2020"],"_links":{"self":[{"href":"https:\/\/tara-zarandului.ro\/index.php?rest_route=\/wp\/v2\/posts\/1677","targetHints":{"allow":["GET"]}}],"collection":[{"href":"https:\/\/tara-zarandului.ro\/index.php?rest_route=\/wp\/v2\/posts"}],"about":[{"href":"https:\/\/tara-zarandului.ro\/index.php?rest_route=\/wp\/v2\/types\/post"}],"author":[{"embeddable":true,"href":"https:\/\/tara-zarandului.ro\/index.php?rest_route=\/wp\/v2\/users\/1"}],"replies":[{"embeddable":true,"href":"https:\/\/tara-zarandului.ro\/index.php?rest_route=%2Fwp%2Fv2%2Fcomments&post=1677"}],"version-history":[{"count":19,"href":"https:\/\/tara-zarandului.ro\/index.php?rest_route=\/wp\/v2\/posts\/1677\/revisions"}],"predecessor-version":[{"id":1721,"href":"https:\/\/tara-zarandului.ro\/index.php?rest_route=\/wp\/v2\/posts\/1677\/revisions\/1721"}],"wp:attachment":[{"href":"https:\/\/tara-zarandului.ro\/index.php?rest_route=%2Fwp%2Fv2%2Fmedia&parent=1677"}],"wp:term":[{"taxonomy":"category","embeddable":true,"href":"https:\/\/tara-zarandului.ro\/index.php?rest_route=%2Fwp%2Fv2%2Fcategories&post=1677"},{"taxonomy":"post_tag","embeddable":true,"href":"https:\/\/tara-zarandului.ro\/index.php?rest_route=%2Fwp%2Fv2%2Ftags&post=1677"}],"curies":[{"name":"wp","href":"https:\/\/api.w.org\/{rel}","templated":true}]}}