{"id":1746,"date":"2025-09-03T09:10:37","date_gmt":"2025-09-03T09:10:37","guid":{"rendered":"https:\/\/tara-zarandului.ro\/?p=1746"},"modified":"2025-10-15T09:49:52","modified_gmt":"2025-10-15T09:49:52","slug":"comuna-blajeni","status":"publish","type":"post","link":"https:\/\/tara-zarandului.ro\/?p=1746","title":{"rendered":"Comuna Bl\u0103jeni"},"content":{"rendered":"\t\t<div data-elementor-type=\"wp-post\" data-elementor-id=\"1746\" class=\"elementor elementor-1746\" data-elementor-post-type=\"post\">\n\t\t\t\t<div class=\"elementor-element elementor-element-7872f2e e-flex e-con-boxed wpr-particle-no wpr-jarallax-no wpr-parallax-no wpr-sticky-section-no e-con e-parent\" data-id=\"7872f2e\" data-element_type=\"container\">\n\t\t\t\t\t<div class=\"e-con-inner\">\n\t\t\t\t<div class=\"elementor-element elementor-element-f5ce9e5 elementor-widget elementor-widget-image\" data-id=\"f5ce9e5\" data-element_type=\"widget\" data-widget_type=\"image.default\">\n\t\t\t\t<div class=\"elementor-widget-container\">\n\t\t\t\t\t\t\t\t\t\t\t\t\t<img fetchpriority=\"high\" decoding=\"async\" width=\"731\" height=\"1024\" src=\"https:\/\/tara-zarandului.ro\/wp-content\/uploads\/2025\/10\/Blajeni-2-731x1024.jpg\" class=\"attachment-large size-large wp-image-1688\" alt=\"\" srcset=\"https:\/\/tara-zarandului.ro\/wp-content\/uploads\/2025\/10\/Blajeni-2-731x1024.jpg 731w, https:\/\/tara-zarandului.ro\/wp-content\/uploads\/2025\/10\/Blajeni-2-214x300.jpg 214w, https:\/\/tara-zarandului.ro\/wp-content\/uploads\/2025\/10\/Blajeni-2-768x1075.jpg 768w, https:\/\/tara-zarandului.ro\/wp-content\/uploads\/2025\/10\/Blajeni-2-1097x1536.jpg 1097w, https:\/\/tara-zarandului.ro\/wp-content\/uploads\/2025\/10\/Blajeni-2.jpg 1280w\" sizes=\"(max-width: 731px) 100vw, 731px\" \/>\t\t\t\t\t\t\t\t\t\t\t\t\t<\/div>\n\t\t\t\t<\/div>\n\t\t\t\t<div class=\"elementor-element elementor-element-2d8e458 elementor-widget elementor-widget-image\" data-id=\"2d8e458\" data-element_type=\"widget\" data-widget_type=\"image.default\">\n\t\t\t\t<div class=\"elementor-widget-container\">\n\t\t\t\t\t\t\t\t\t\t\t\t\t<img decoding=\"async\" width=\"731\" height=\"1024\" src=\"https:\/\/tara-zarandului.ro\/wp-content\/uploads\/2025\/10\/Blajeni-1-731x1024.jpg\" class=\"attachment-large size-large wp-image-1687\" alt=\"\" srcset=\"https:\/\/tara-zarandului.ro\/wp-content\/uploads\/2025\/10\/Blajeni-1-731x1024.jpg 731w, https:\/\/tara-zarandului.ro\/wp-content\/uploads\/2025\/10\/Blajeni-1-214x300.jpg 214w, https:\/\/tara-zarandului.ro\/wp-content\/uploads\/2025\/10\/Blajeni-1-768x1075.jpg 768w, https:\/\/tara-zarandului.ro\/wp-content\/uploads\/2025\/10\/Blajeni-1-1097x1536.jpg 1097w, https:\/\/tara-zarandului.ro\/wp-content\/uploads\/2025\/10\/Blajeni-1.jpg 1280w\" sizes=\"(max-width: 731px) 100vw, 731px\" \/>\t\t\t\t\t\t\t\t\t\t\t\t\t<\/div>\n\t\t\t\t<\/div>\n\t\t\t\t\t<\/div>\n\t\t\t\t<\/div>\n\t\t<div class=\"elementor-element elementor-element-19feb8dc e-flex e-con-boxed wpr-particle-no wpr-jarallax-no wpr-parallax-no wpr-sticky-section-no e-con e-parent\" data-id=\"19feb8dc\" data-element_type=\"container\">\n\t\t\t\t\t<div class=\"e-con-inner\">\n\t\t\t\t<div class=\"elementor-element elementor-element-2ba0b8c elementor-widget elementor-widget-spacer\" data-id=\"2ba0b8c\" data-element_type=\"widget\" data-widget_type=\"spacer.default\">\n\t\t\t\t<div class=\"elementor-widget-container\">\n\t\t\t\t\t<div class=\"elementor-spacer\">\n\t\t\t<div class=\"elementor-spacer-inner\"><\/div>\n\t\t<\/div>\n\t\t\t\t<\/div>\n\t\t\t\t<\/div>\n\t\t\t\t<div class=\"elementor-element elementor-element-77cefb19 elementor-widget elementor-widget-text-editor\" data-id=\"77cefb19\" data-element_type=\"widget\" data-widget_type=\"text-editor.default\">\n\t\t\t\t<div class=\"elementor-widget-container\">\n\t\t\t\t\t\t\t<!-- wp:paragraph -->\n<p>Comuna Bl\u0103jeni a pus accent pe p\u0103strarea \u0219i valorificarea patrimoniului cultural prin <strong>\u00eenfiin\u021barea unui Centru de p\u0103strare a tradi\u021biilor locale<\/strong>, care devine un punct de referin\u021b\u0103 pentru activit\u0103\u021bile culturale \u0219i educative din zon\u0103. Totodat\u0103, <strong>achizi\u021bia de utilaje<\/strong> a sprijinit \u00eembun\u0103t\u0103\u021birea activit\u0103\u021bilor gospod\u0103re\u0219ti \u0219i a serviciilor publice.<\/p>\n<!-- \/wp:paragraph -->\n\n<!-- wp:paragraph -->\n<p><br>#SDL2014-2020 #GALTaraZarandului #PNDR #AFIR #MADR<\/p>\n<!-- \/wp:paragraph -->\t\t\t\t\t\t<\/div>\n\t\t\t\t<\/div>\n\t\t\t\t\t<\/div>\n\t\t\t\t<\/div>\n\t\t\t\t<\/div>\n\t\t","protected":false},"excerpt":{"rendered":"<p>Comuna Bl\u0103jeni a pus accent pe p\u0103strarea \u0219i valorificarea patrimoniului cultural prin \u00eenfiin\u021barea unui Centru de p\u0103strare a tradi\u021biilor locale, care devine un punct de referin\u021b\u0103 pentru activit\u0103\u021bile culturale \u0219i educative din zon\u0103. Totodat\u0103, achizi\u021bia de utilaje a sprijinit \u00eembun\u0103t\u0103\u021birea activit\u0103\u021bilor gospod\u0103re\u0219ti \u0219i a serviciilor publice. #SDL2014-2020 #GALTaraZarandului #PNDR #AFIR #MADR<\/p>\n","protected":false},"author":1,"featured_media":0,"comment_status":"open","ping_status":"open","sticky":false,"template":"","format":"standard","meta":{"footnotes":""},"categories":[16],"tags":[],"class_list":["post-1746","post","type-post","status-publish","format-standard","hentry","category-rezultatele-strategiei-de-dezvoltare-locala-tara-zarandului-2014-2020"],"_links":{"self":[{"href":"https:\/\/tara-zarandului.ro\/index.php?rest_route=\/wp\/v2\/posts\/1746","targetHints":{"allow":["GET"]}}],"collection":[{"href":"https:\/\/tara-zarandului.ro\/index.php?rest_route=\/wp\/v2\/posts"}],"about":[{"href":"https:\/\/tara-zarandului.ro\/index.php?rest_route=\/wp\/v2\/types\/post"}],"author":[{"embeddable":true,"href":"https:\/\/tara-zarandului.ro\/index.php?rest_route=\/wp\/v2\/users\/1"}],"replies":[{"embeddable":true,"href":"https:\/\/tara-zarandului.ro\/index.php?rest_route=%2Fwp%2Fv2%2Fcomments&post=1746"}],"version-history":[{"count":4,"href":"https:\/\/tara-zarandului.ro\/index.php?rest_route=\/wp\/v2\/posts\/1746\/revisions"}],"predecessor-version":[{"id":1791,"href":"https:\/\/tara-zarandului.ro\/index.php?rest_route=\/wp\/v2\/posts\/1746\/revisions\/1791"}],"wp:attachment":[{"href":"https:\/\/tara-zarandului.ro\/index.php?rest_route=%2Fwp%2Fv2%2Fmedia&parent=1746"}],"wp:term":[{"taxonomy":"category","embeddable":true,"href":"https:\/\/tara-zarandului.ro\/index.php?rest_route=%2Fwp%2Fv2%2Fcategories&post=1746"},{"taxonomy":"post_tag","embeddable":true,"href":"https:\/\/tara-zarandului.ro\/index.php?rest_route=%2Fwp%2Fv2%2Ftags&post=1746"}],"curies":[{"name":"wp","href":"https:\/\/api.w.org\/{rel}","templated":true}]}}