{"id":2200,"date":"2026-04-25T06:06:13","date_gmt":"2026-04-25T06:06:13","guid":{"rendered":"https:\/\/tara-zarandului.ro\/?p=2200"},"modified":"2026-04-30T06:10:54","modified_gmt":"2026-04-30T06:10:54","slug":"continuam-intalnirile-in-uat-urile-membre-gal","status":"publish","type":"post","link":"https:\/\/tara-zarandului.ro\/?p=2200","title":{"rendered":"Continu\u0103m \u00eent\u00e2lnirile \u00een UAT-urile membre GAL"},"content":{"rendered":"\t\t<div data-elementor-type=\"wp-post\" data-elementor-id=\"2200\" class=\"elementor elementor-2200\" data-elementor-post-type=\"post\">\n\t\t\t\t<div class=\"elementor-element elementor-element-387551b e-flex e-con-boxed wpr-particle-no wpr-jarallax-no wpr-parallax-no wpr-sticky-section-no e-con e-parent\" data-id=\"387551b\" data-element_type=\"container\">\n\t\t\t\t\t<div class=\"e-con-inner\">\n\t\t\t\t<div class=\"elementor-element elementor-element-488ecd9 elementor-widget elementor-widget-text-editor\" data-id=\"488ecd9\" data-element_type=\"widget\" data-widget_type=\"text-editor.default\">\n\t\t\t\t<div class=\"elementor-widget-container\">\n\t\t\t\t\t\t\t<!-- wp:paragraph -->\n<p>\u00cen data de 27 aprilie 2026, echipa GAL va fi prezent\u0103 \u00een mai multe localit\u0103\u021bi din teritoriu, pentru a oferi informa\u021bii utile solicitan\u021bilor \u0219i pentru a clarifica aspecte practice rezultate din sesiunea recent \u00eencheiat\u0103 de depunere \u0219i evaluare a proiectelor.<\/p>\n<!-- \/wp:paragraph --><!-- wp:image -->\n<figure class=\"wp-block-image\"><img decoding=\"async\" class=\"alignleft\" src=\"https:\/\/static.xx.fbcdn.net\/images\/emoji.php\/v9\/t2d\/1\/16\/1f4cd.png\" alt=\"\ud83d\udccd\" \/>\u00a0<strong>Luni, 27 aprilie 2026<\/strong><\/figure>\n<!-- \/wp:image --><!-- wp:paragraph --><!-- \/wp:paragraph --><!-- wp:image -->\n<figure class=\"wp-block-image\" style=\"padding-left: 40px;\"><img decoding=\"async\" class=\"alignleft\" src=\"https:\/\/static.xx.fbcdn.net\/images\/emoji.php\/v9\/t31\/1\/16\/1f559.png\" alt=\"\ud83d\udd59\" \/>Bulze\u0219tii de Sus \u2013 10:00 \u2013 12:00 \u2013 Sala de \u0219edin\u021be a Consiliului Local<\/figure>\n<!-- \/wp:image --><!-- wp:paragraph --><!-- \/wp:paragraph --><!-- wp:image -->\n<figure class=\"wp-block-image\" style=\"padding-left: 40px;\"><img decoding=\"async\" class=\"alignleft\" src=\"https:\/\/static.xx.fbcdn.net\/images\/emoji.php\/v9\/t5b\/1\/16\/1f55c.png\" alt=\"\ud83d\udd5c\" \/>Tome\u0219ti \u2013 13:30 \u2013 15:30 \u2013 Sala de \u0219edin\u021be a Consiliului Local<\/figure>\n<!-- \/wp:image --><!-- wp:paragraph --><!-- \/wp:paragraph --><!-- wp:image -->\n<figure class=\"wp-block-image\" style=\"padding-left: 40px;\"><img decoding=\"async\" class=\"alignleft\" src=\"https:\/\/static.xx.fbcdn.net\/images\/emoji.php\/v9\/t5b\/1\/16\/1f55c.png\" alt=\"\ud83d\udd5c\" \/>B\u0103i\u021ba \u2013 13:30 \u2013 15:30 \u2013 Sala de \u0219edin\u021be a Consiliului Local<\/figure>\n<!-- \/wp:image --><!-- wp:paragraph --><!-- \/wp:paragraph --><!-- wp:image -->\n<figure class=\"wp-block-image\" style=\"padding-left: 40px;\"><img decoding=\"async\" class=\"alignleft\" src=\"https:\/\/static.xx.fbcdn.net\/images\/emoji.php\/v9\/t31\/1\/16\/1f559.png\" alt=\"\ud83d\udd59\" \/>Certeju de Sus \u2013 10:00 \u2013 12:00 \u2013 Sala de \u0219edin\u021be a Consiliului Local<\/figure>\n<!-- \/wp:image --><!-- wp:paragraph --><!-- \/wp:paragraph --><!-- wp:image -->\n<figure class=\"wp-block-image\" style=\"padding-left: 40px;\"><img decoding=\"async\" class=\"alignleft\" src=\"https:\/\/static.xx.fbcdn.net\/images\/emoji.php\/v9\/t29\/1\/16\/1f551.png\" alt=\"\ud83d\udd51\" \/>Cri\u0219cior \u2013 14:00 \u2013 16:00 \u2013 Sala de \u0219edin\u021be a Consiliului Local<\/figure>\n<!-- \/wp:image --><!-- wp:paragraph --><!-- \/wp:paragraph --><!-- wp:paragraph -->\n<p>\u00cen cadrul \u00eent\u00e2lnirilor vor fi abordate:<\/p>\n<ul>\n<li>clarific\u0103ri privind utilizarea platformei gal.afir \u00een etapa de depunere \u0219i evaluare a proiectelor;<\/li>\n<li>informa\u021bii utile rezultate din experien\u021ba sesiunii recent \u00eenchise, \u00een sprijinul viitorilor solicitan\u021bi;<\/li>\n<li>detalii despre apelul care urmeaz\u0103 s\u0103 fie lansat \u2013 L802: Dezvoltarea \u0219i promovarea sustenabil\u0103 a asocierii;<\/li>\n<li>alte aspecte de interes pentru dezvoltarea local\u0103.<\/li>\n<\/ul>\n<!-- \/wp:paragraph --><!-- wp:paragraph -->\n<p>\u00a0<\/p>\n<p>V\u0103 a\u0219tept\u0103m la \u00eent\u00e2lniri pentru informa\u021bii actualizate \u0219i dialog direct cu echipa GAL.<\/p>\n<!-- \/wp:paragraph --><!-- wp:paragraph -->\n<p><em><a href=\"https:\/\/www.facebook.com\/hashtag\/galtarazarandului?__cft__[0]=AZZjKN4VGi1NnUQ-ieIvDqoOmIoRhPxz0H7xvok3o0OyA7XsuaOBTNVe93HDlMCbQTTe7pzymLMu1zGpdeuYem4GF8Yk9rHMTQfYh80YOeGpSCvxicH6hxd_KrSRijWNIxIqqQ2OxhBHTjQBWTeIc4-edKBzdhdSRZhMH60Hvz3qKA&amp;__tn__=*NK*F\">#GALTaraZarandului<\/a><a href=\"https:\/\/www.facebook.com\/hashtag\/dr36?__cft__[0]=AZZjKN4VGi1NnUQ-ieIvDqoOmIoRhPxz0H7xvok3o0OyA7XsuaOBTNVe93HDlMCbQTTe7pzymLMu1zGpdeuYem4GF8Yk9rHMTQfYh80YOeGpSCvxicH6hxd_KrSRijWNIxIqqQ2OxhBHTjQBWTeIc4-edKBzdhdSRZhMH60Hvz3qKA&amp;__tn__=*NK*F\">#DR36<\/a><a href=\"https:\/\/www.facebook.com\/hashtag\/sdl2023_2027?__cft__[0]=AZZjKN4VGi1NnUQ-ieIvDqoOmIoRhPxz0H7xvok3o0OyA7XsuaOBTNVe93HDlMCbQTTe7pzymLMu1zGpdeuYem4GF8Yk9rHMTQfYh80YOeGpSCvxicH6hxd_KrSRijWNIxIqqQ2OxhBHTjQBWTeIc4-edKBzdhdSRZhMH60Hvz3qKA&amp;__tn__=*NK*F\">#SDL2023_2027<\/a><a href=\"https:\/\/www.facebook.com\/hashtag\/afir?__cft__[0]=AZZjKN4VGi1NnUQ-ieIvDqoOmIoRhPxz0H7xvok3o0OyA7XsuaOBTNVe93HDlMCbQTTe7pzymLMu1zGpdeuYem4GF8Yk9rHMTQfYh80YOeGpSCvxicH6hxd_KrSRijWNIxIqqQ2OxhBHTjQBWTeIc4-edKBzdhdSRZhMH60Hvz3qKA&amp;__tn__=*NK*F\">#AFIR<\/a><a href=\"https:\/\/www.facebook.com\/hashtag\/madr?__cft__[0]=AZZjKN4VGi1NnUQ-ieIvDqoOmIoRhPxz0H7xvok3o0OyA7XsuaOBTNVe93HDlMCbQTTe7pzymLMu1zGpdeuYem4GF8Yk9rHMTQfYh80YOeGpSCvxicH6hxd_KrSRijWNIxIqqQ2OxhBHTjQBWTeIc4-edKBzdhdSRZhMH60Hvz3qKA&amp;__tn__=*NK*F\">#MADR<\/a><a href=\"https:\/\/www.facebook.com\/hashtag\/dezvoltarelocala?__cft__[0]=AZZjKN4VGi1NnUQ-ieIvDqoOmIoRhPxz0H7xvok3o0OyA7XsuaOBTNVe93HDlMCbQTTe7pzymLMu1zGpdeuYem4GF8Yk9rHMTQfYh80YOeGpSCvxicH6hxd_KrSRijWNIxIqqQ2OxhBHTjQBWTeIc4-edKBzdhdSRZhMH60Hvz3qKA&amp;__tn__=*NK*F\">#DezvoltareLocala<\/a><\/em><\/p>\n<!-- \/wp:paragraph -->\t\t\t\t\t\t<\/div>\n\t\t\t\t<\/div>\n\t\t\t\t\t<\/div>\n\t\t\t\t<\/div>\n\t\t\t\t<\/div>\n\t\t","protected":false},"excerpt":{"rendered":"<p>\u00cen data de 27 aprilie 2026, echipa GAL va fi prezent\u0103 \u00een mai multe localit\u0103\u021bi din teritoriu, pentru a oferi informa\u021bii utile solicitan\u021bilor \u0219i pentru a clarifica aspecte practice rezultate din sesiunea recent \u00eencheiat\u0103 de depunere \u0219i evaluare a proiectelor. \u00cen cadrul \u00eent\u00e2lnirilor vor fi abordate: clarific\u0103ri privind utilizarea platformei gal.afir \u00een etapa de depunere \u0219i evaluare a proiectelor; informa\u021bii utile rezultate din experien\u021ba sesiunii recent \u00eenchise, \u00een sprijinul viitorilor solicitan\u021bi; detalii despre apelul care urmeaz\u0103 s\u0103 fie lansat \u2013 L802: Dezvoltarea \u0219i promovarea sustenabil\u0103 a asocierii; alte aspecte de interes pentru dezvoltarea local\u0103. \u00a0 V\u0103 a\u0219tept\u0103m la \u00eent\u00e2lniri pentru informa\u021bii actualizate \u0219i dialog direct cu echipa GAL. #GALTaraZarandului#DR36#SDL2023_2027#AFIR#MADR#DezvoltareLocala<\/p>\n","protected":false},"author":1,"featured_media":2201,"comment_status":"open","ping_status":"open","sticky":false,"template":"","format":"standard","meta":{"footnotes":""},"categories":[7],"tags":[],"class_list":["post-2200","post","type-post","status-publish","format-standard","has-post-thumbnail","hentry","category-anunturi"],"_links":{"self":[{"href":"https:\/\/tara-zarandului.ro\/index.php?rest_route=\/wp\/v2\/posts\/2200","targetHints":{"allow":["GET"]}}],"collection":[{"href":"https:\/\/tara-zarandului.ro\/index.php?rest_route=\/wp\/v2\/posts"}],"about":[{"href":"https:\/\/tara-zarandului.ro\/index.php?rest_route=\/wp\/v2\/types\/post"}],"author":[{"embeddable":true,"href":"https:\/\/tara-zarandului.ro\/index.php?rest_route=\/wp\/v2\/users\/1"}],"replies":[{"embeddable":true,"href":"https:\/\/tara-zarandului.ro\/index.php?rest_route=%2Fwp%2Fv2%2Fcomments&post=2200"}],"version-history":[{"count":4,"href":"https:\/\/tara-zarandului.ro\/index.php?rest_route=\/wp\/v2\/posts\/2200\/revisions"}],"predecessor-version":[{"id":2205,"href":"https:\/\/tara-zarandului.ro\/index.php?rest_route=\/wp\/v2\/posts\/2200\/revisions\/2205"}],"wp:featuredmedia":[{"embeddable":true,"href":"https:\/\/tara-zarandului.ro\/index.php?rest_route=\/wp\/v2\/media\/2201"}],"wp:attachment":[{"href":"https:\/\/tara-zarandului.ro\/index.php?rest_route=%2Fwp%2Fv2%2Fmedia&parent=2200"}],"wp:term":[{"taxonomy":"category","embeddable":true,"href":"https:\/\/tara-zarandului.ro\/index.php?rest_route=%2Fwp%2Fv2%2Fcategories&post=2200"},{"taxonomy":"post_tag","embeddable":true,"href":"https:\/\/tara-zarandului.ro\/index.php?rest_route=%2Fwp%2Fv2%2Ftags&post=2200"}],"curies":[{"name":"wp","href":"https:\/\/api.w.org\/{rel}","templated":true}]}}