{"id":2206,"date":"2026-04-27T06:12:03","date_gmt":"2026-04-27T06:12:03","guid":{"rendered":"https:\/\/tara-zarandului.ro\/?p=2206"},"modified":"2026-04-30T06:16:54","modified_gmt":"2026-04-30T06:16:54","slug":"continuam-seria-intalnirilor-de-animare-in-uat-urile-membre-gal-tara-zarandului-conform-graficului-estimativ-stabilit","status":"publish","type":"post","link":"https:\/\/tara-zarandului.ro\/?p=2206","title":{"rendered":"Continu\u0103m seria \u00eent\u00e2lnirilor de animare \u00een UAT-urile membre GAL \u021aara Zarandului, conform graficului estimativ stabilit."},"content":{"rendered":"\t\t<div data-elementor-type=\"wp-post\" data-elementor-id=\"2206\" class=\"elementor elementor-2206\" data-elementor-post-type=\"post\">\n\t\t\t\t<div class=\"elementor-element elementor-element-4cd2d091 e-flex e-con-boxed wpr-particle-no wpr-jarallax-no wpr-parallax-no wpr-sticky-section-no e-con e-parent\" data-id=\"4cd2d091\" data-element_type=\"container\">\n\t\t\t\t\t<div class=\"e-con-inner\">\n\t\t\t\t<div class=\"elementor-element elementor-element-32bc2301 elementor-widget elementor-widget-text-editor\" data-id=\"32bc2301\" data-element_type=\"widget\" data-widget_type=\"text-editor.default\">\n\t\t\t\t<div class=\"elementor-widget-container\">\n\t\t\t\t\t\t\t<!-- wp:image -->\n<figure class=\"wp-block-image\"><img decoding=\"async\" class=\"alignleft\" src=\"https:\/\/static.xx.fbcdn.net\/images\/emoji.php\/v9\/t7e\/1\/16\/1f4c5.png\" alt=\"\ud83d\udcc5\" \/>\u00a0<strong>Mar\u021bi, 28 aprilie 2026, echipa GAL va fi prezent\u0103 \u00een urm\u0103toarele localit\u0103\u021bi:<\/strong><\/figure>\n<!-- \/wp:image --><!-- wp:paragraph --><!-- \/wp:paragraph --><!-- wp:image -->\n<figure class=\"wp-block-image\" style=\"padding-left: 40px;\"><img decoding=\"async\" class=\"alignleft\" src=\"https:\/\/static.xx.fbcdn.net\/images\/emoji.php\/v9\/tf3\/1\/16\/1f539.png\" alt=\"\ud83d\udd39\" \/><strong>Ribi\u021ba<\/strong><\/figure>\n<!-- \/wp:image --><!-- wp:paragraph --><!-- \/wp:paragraph --><!-- wp:image -->\n<figure class=\"wp-block-image\" style=\"padding-left: 40px;\"><img decoding=\"async\" class=\"alignleft\" src=\"https:\/\/static.xx.fbcdn.net\/images\/emoji.php\/v9\/t31\/1\/16\/1f559.png\" alt=\"\ud83d\udd59\" \/>10:00 \u2013 12:00<\/figure>\n<!-- \/wp:image --><!-- wp:paragraph --><!-- \/wp:paragraph --><!-- wp:image -->\n<figure class=\"wp-block-image\" style=\"padding-left: 40px;\"><img decoding=\"async\" class=\"alignleft\" src=\"https:\/\/static.xx.fbcdn.net\/images\/emoji.php\/v9\/tac\/1\/16\/1f4cc.png\" alt=\"\ud83d\udccc\" \/>C\u0103min Cultural Ribi\u021ba<\/figure>\n<!-- \/wp:image --><!-- wp:paragraph --><!-- \/wp:paragraph --><!-- wp:image -->\n<figure class=\"wp-block-image\" style=\"padding-left: 40px;\"><img decoding=\"async\" class=\"alignleft\" src=\"https:\/\/static.xx.fbcdn.net\/images\/emoji.php\/v9\/tf3\/1\/16\/1f539.png\" alt=\"\ud83d\udd39\" \/><strong>Baia de Cri\u0219<\/strong><\/figure>\n<!-- \/wp:image --><!-- wp:paragraph --><!-- \/wp:paragraph --><!-- wp:image -->\n<figure class=\"wp-block-image\" style=\"padding-left: 40px;\"><img decoding=\"async\" class=\"alignleft\" src=\"https:\/\/static.xx.fbcdn.net\/images\/emoji.php\/v9\/ta8\/1\/16\/1f550.png\" alt=\"\ud83d\udd50\" \/>13:00 \u2013 15:00<\/figure>\n<!-- \/wp:image --><!-- wp:paragraph --><!-- \/wp:paragraph --><!-- wp:image -->\n<figure class=\"wp-block-image\" style=\"padding-left: 40px;\"><img decoding=\"async\" class=\"alignleft\" src=\"https:\/\/static.xx.fbcdn.net\/images\/emoji.php\/v9\/tac\/1\/16\/1f4cc.png\" alt=\"\ud83d\udccc\" \/>Sala de \u0219edin\u021b\u0103 a \u0218colii Gimnaziale Baia de Cri\u0219<\/figure>\n<!-- \/wp:image --><!-- wp:paragraph --><!-- \/wp:paragraph --><!-- wp:image -->\n<figure class=\"wp-block-image\" style=\"padding-left: 40px;\"><img decoding=\"async\" class=\"alignleft\" src=\"https:\/\/static.xx.fbcdn.net\/images\/emoji.php\/v9\/tf3\/1\/16\/1f539.png\" alt=\"\ud83d\udd39\" \/><strong>Va\u021ba de Jos<\/strong><\/figure>\n<!-- \/wp:image --><!-- wp:paragraph --><!-- \/wp:paragraph --><!-- wp:image -->\n<figure class=\"wp-block-image\" style=\"padding-left: 40px;\"><img decoding=\"async\" class=\"alignleft\" src=\"https:\/\/static.xx.fbcdn.net\/images\/emoji.php\/v9\/taa\/1\/16\/1f552.png\" alt=\"\ud83d\udd52\" \/>15:00 \u2013 17:00<\/figure>\n<!-- \/wp:image --><!-- wp:paragraph --><!-- \/wp:paragraph --><!-- wp:image -->\n<figure class=\"wp-block-image\" style=\"padding-left: 40px;\"><img decoding=\"async\" class=\"alignleft\" src=\"https:\/\/static.xx.fbcdn.net\/images\/emoji.php\/v9\/tac\/1\/16\/1f4cc.png\" alt=\"\ud83d\udccc\" \/>C\u0103min Cultural Va\u021ba de Jos<\/figure>\n<p>\u00a0<\/p>\n<!-- \/wp:image --><!-- wp:paragraph --><!-- \/wp:paragraph --><!-- wp:paragraph -->\n<p>Discu\u021biile vor fi centrate pe aspecte rezultate \u00een urma utiliz\u0103rii platformei gal.afir \u00een etapa de depunere \u0219i evaluare a proiectelor aferente apelurilor de investi\u021bii lansate recent, precum \u0219i pe informa\u021bii utile rezultate din experien\u021ba acumulat\u0103, \u00een sprijinul viitorilor solicitan\u021bi, at\u00e2t publici, c\u00e2t \u0219i priva\u021bi.<\/p>\n<!-- \/wp:paragraph --><!-- wp:paragraph -->\n<p>Totodat\u0103, vor fi prezentate informa\u021bii privind apelul care urmeaz\u0103 s\u0103 fie lansat pentru solicitan\u021bii priva\u021bi:<br \/>L802 \u2013 Dezvoltarea \u0219i promovarea sustenabil\u0103 a asocierii, interven\u021bie care vizeaz\u0103 sprijinirea formelor de asociere \u00een vederea dezvolt\u0103rii activit\u0103\u021bilor economice, cre\u0219terii competitivit\u0103\u021bii \u0219i valorific\u0103rii \u00een comun a resurselor \u0219i produselor locale.<\/p>\n<!-- \/wp:paragraph --><!-- wp:paragraph -->\n<p>V\u0103 a\u0219tept\u0103m cu interes la \u00eent\u00e2lniri pentru dialog deschis \u0219i clarific\u0103ri privind oportunit\u0103\u021bile de finan\u021bare disponibile \u00een cadrul Strategiei de Dezvoltare Local\u0103.<\/p>\n<!-- \/wp:paragraph -->\t\t\t\t\t\t<\/div>\n\t\t\t\t<\/div>\n\t\t\t\t\t<\/div>\n\t\t\t\t<\/div>\n\t\t\t\t<\/div>\n\t\t","protected":false},"excerpt":{"rendered":"<p>Discu\u021biile vor fi centrate pe aspecte rezultate \u00een urma utiliz\u0103rii platformei gal.afir \u00een etapa de depunere \u0219i evaluare a proiectelor aferente apelurilor de investi\u021bii lansate recent, precum \u0219i pe informa\u021bii utile rezultate din experien\u021ba acumulat\u0103, \u00een sprijinul viitorilor solicitan\u021bi, at\u00e2t publici, c\u00e2t \u0219i priva\u021bi. Totodat\u0103, vor fi prezentate informa\u021bii privind apelul care urmeaz\u0103 s\u0103 fie lansat pentru solicitan\u021bii priva\u021bi:L802 \u2013 Dezvoltarea \u0219i promovarea sustenabil\u0103 a asocierii, interven\u021bie care vizeaz\u0103 sprijinirea formelor de asociere \u00een vederea dezvolt\u0103rii activit\u0103\u021bilor economice, cre\u0219terii competitivit\u0103\u021bii \u0219i valorific\u0103rii \u00een comun a resurselor \u0219i produselor locale. V\u0103 a\u0219tept\u0103m cu interes la \u00eent\u00e2lniri pentru dialog deschis \u0219i clarific\u0103ri privind oportunit\u0103\u021bile de finan\u021bare disponibile \u00een cadrul Strategiei de Dezvoltare Local\u0103.<\/p>\n","protected":false},"author":1,"featured_media":2207,"comment_status":"open","ping_status":"open","sticky":false,"template":"","format":"standard","meta":{"footnotes":""},"categories":[7],"tags":[],"class_list":["post-2206","post","type-post","status-publish","format-standard","has-post-thumbnail","hentry","category-anunturi"],"_links":{"self":[{"href":"https:\/\/tara-zarandului.ro\/index.php?rest_route=\/wp\/v2\/posts\/2206","targetHints":{"allow":["GET"]}}],"collection":[{"href":"https:\/\/tara-zarandului.ro\/index.php?rest_route=\/wp\/v2\/posts"}],"about":[{"href":"https:\/\/tara-zarandului.ro\/index.php?rest_route=\/wp\/v2\/types\/post"}],"author":[{"embeddable":true,"href":"https:\/\/tara-zarandului.ro\/index.php?rest_route=\/wp\/v2\/users\/1"}],"replies":[{"embeddable":true,"href":"https:\/\/tara-zarandului.ro\/index.php?rest_route=%2Fwp%2Fv2%2Fcomments&post=2206"}],"version-history":[{"count":4,"href":"https:\/\/tara-zarandului.ro\/index.php?rest_route=\/wp\/v2\/posts\/2206\/revisions"}],"predecessor-version":[{"id":2211,"href":"https:\/\/tara-zarandului.ro\/index.php?rest_route=\/wp\/v2\/posts\/2206\/revisions\/2211"}],"wp:featuredmedia":[{"embeddable":true,"href":"https:\/\/tara-zarandului.ro\/index.php?rest_route=\/wp\/v2\/media\/2207"}],"wp:attachment":[{"href":"https:\/\/tara-zarandului.ro\/index.php?rest_route=%2Fwp%2Fv2%2Fmedia&parent=2206"}],"wp:term":[{"taxonomy":"category","embeddable":true,"href":"https:\/\/tara-zarandului.ro\/index.php?rest_route=%2Fwp%2Fv2%2Fcategories&post=2206"},{"taxonomy":"post_tag","embeddable":true,"href":"https:\/\/tara-zarandului.ro\/index.php?rest_route=%2Fwp%2Fv2%2Ftags&post=2206"}],"curies":[{"name":"wp","href":"https:\/\/api.w.org\/{rel}","templated":true}]}}