{"id":2212,"date":"2026-04-28T06:30:32","date_gmt":"2026-04-28T06:30:32","guid":{"rendered":"https:\/\/tara-zarandului.ro\/?p=2212"},"modified":"2026-04-30T06:34:53","modified_gmt":"2026-04-30T06:34:53","slug":"intalnirile-de-animare-organizate-de-gal-tara-zarandului-continua-in-teritoriul-gal-in-trei-uat-uri-membre-conform-programului-stabilit","status":"publish","type":"post","link":"https:\/\/tara-zarandului.ro\/?p=2212","title":{"rendered":"\u00cent\u00e2lnirile de animare organizate de GAL \u021aara Zarandului continu\u0103 \u00een teritoriul GAL, \u00een trei UAT-uri membre, conform programului stabilit."},"content":{"rendered":"\t\t<div data-elementor-type=\"wp-post\" data-elementor-id=\"2212\" class=\"elementor elementor-2212\" data-elementor-post-type=\"post\">\n\t\t\t\t<div class=\"elementor-element elementor-element-d72a24b e-flex e-con-boxed wpr-particle-no wpr-jarallax-no wpr-parallax-no wpr-sticky-section-no e-con e-parent\" data-id=\"d72a24b\" data-element_type=\"container\">\n\t\t\t\t\t<div class=\"e-con-inner\">\n\t\t\t\t<div class=\"elementor-element elementor-element-352742bd elementor-widget elementor-widget-text-editor\" data-id=\"352742bd\" data-element_type=\"widget\" data-widget_type=\"text-editor.default\">\n\t\t\t\t<div class=\"elementor-widget-container\">\n\t\t\t\t\t\t\t<!-- wp:image -->\n<figure class=\"wp-block-image\"><strong>\u00a029 aprilie 2026<\/strong> \u2013 \u00cent\u00e2lnirile de animare organizate de GAL \u021aara Zarandului continu\u0103 \u00een teritoriul GAL, \u00een trei UAT-uri membre, conform programului stabilit.<\/figure>\n<!-- \/wp:image --><!-- wp:paragraph --><!-- \/wp:paragraph --><!-- wp:image -->\n<figure class=\"wp-block-image\"><img decoding=\"async\" class=\"alignleft\" src=\"https:\/\/static.xx.fbcdn.net\/images\/emoji.php\/v9\/t72\/1\/16\/1f538.png\" alt=\"\ud83d\udd38\" \/><strong>Bl\u0103jeni<\/strong><\/figure>\n<!-- \/wp:image --><!-- wp:paragraph --><!-- \/wp:paragraph --><!-- wp:image -->\n<figure class=\"wp-block-image\"><img decoding=\"async\" class=\"alignleft\" src=\"https:\/\/static.xx.fbcdn.net\/images\/emoji.php\/v9\/t31\/1\/16\/1f559.png\" alt=\"\ud83d\udd59\" \/>10:00 \u2013 12:00<\/figure>\n<!-- \/wp:image --><!-- wp:paragraph --><!-- \/wp:paragraph --><!-- wp:image -->\n<figure class=\"wp-block-image\"><img decoding=\"async\" class=\"alignleft\" src=\"https:\/\/static.xx.fbcdn.net\/images\/emoji.php\/v9\/t2d\/1\/16\/1f4cd.png\" alt=\"\ud83d\udccd\" \/>Sala de \u0219edin\u021be a C\u0103minului Cultural Bl\u0103jeni<\/figure>\n<!-- \/wp:image --><!-- wp:paragraph --><!-- \/wp:paragraph --><!-- wp:image -->\n<figure class=\"wp-block-image\"><img decoding=\"async\" class=\"alignleft\" src=\"https:\/\/static.xx.fbcdn.net\/images\/emoji.php\/v9\/t72\/1\/16\/1f538.png\" alt=\"\ud83d\udd38\" \/><strong>Buce\u0219<\/strong><\/figure>\n<!-- \/wp:image --><!-- wp:paragraph --><!-- \/wp:paragraph --><!-- wp:image -->\n<figure class=\"wp-block-image\"><img decoding=\"async\" class=\"alignleft\" src=\"https:\/\/static.xx.fbcdn.net\/images\/emoji.php\/v9\/ta8\/1\/16\/1f550.png\" alt=\"\ud83d\udd50\" \/>13:00 \u2013 15:00<\/figure>\n<!-- \/wp:image --><!-- wp:paragraph --><!-- \/wp:paragraph --><!-- wp:image -->\n<figure class=\"wp-block-image\"><img decoding=\"async\" class=\"alignleft\" src=\"https:\/\/static.xx.fbcdn.net\/images\/emoji.php\/v9\/t2d\/1\/16\/1f4cd.png\" alt=\"\ud83d\udccd\" \/>Sala de \u0219edin\u021be a Consiliului Local Buce\u0219<\/figure>\n<!-- \/wp:image --><!-- wp:paragraph --><!-- \/wp:paragraph --><!-- wp:image -->\n<figure class=\"wp-block-image\"><img decoding=\"async\" class=\"alignleft\" src=\"https:\/\/static.xx.fbcdn.net\/images\/emoji.php\/v9\/t72\/1\/16\/1f538.png\" alt=\"\ud83d\udd38\" \/><strong>Bucure\u0219ci<\/strong><\/figure>\n<!-- \/wp:image --><!-- wp:paragraph --><!-- \/wp:paragraph --><!-- wp:image -->\n<figure class=\"wp-block-image\"><img decoding=\"async\" class=\"alignleft\" src=\"https:\/\/static.xx.fbcdn.net\/images\/emoji.php\/v9\/taa\/1\/16\/1f552.png\" alt=\"\ud83d\udd52\" \/>15:00 \u2013 17:00<\/figure>\n<!-- \/wp:image --><!-- wp:paragraph --><!-- \/wp:paragraph --><!-- wp:image -->\n<figure class=\"wp-block-image\"><img decoding=\"async\" class=\"alignleft\" src=\"https:\/\/static.xx.fbcdn.net\/images\/emoji.php\/v9\/t2d\/1\/16\/1f4cd.png\" alt=\"\ud83d\udccd\" \/>Sala de \u0219edin\u021be a Consiliului Local Bucure\u0219ci<\/figure>\n<!-- \/wp:image --><!-- wp:paragraph --><!-- \/wp:paragraph --><!-- wp:paragraph -->\n<p>Pe parcursul acestor \u00eent\u00e2lniri vor fi prezentate concluziile \u0219i aspectele identificate \u00een etapa de depunere \u0219i evaluare a proiectelor aferente apelurilor de investi\u021bii recent \u00eencheiate, precum \u0219i recomand\u0103ri practice pentru utilizarea corect\u0103 a platformei gal.afir.<\/p>\n<!-- \/wp:paragraph --><!-- wp:paragraph -->\n<p>Totodat\u0103, vor fi oferite informa\u021bii actualizate privind preg\u0103tirea urm\u0103torului apel destinat solicitan\u021bilor priva\u021bi:<br \/>L802 \u2013 Dezvoltarea \u0219i promovarea sustenabil\u0103 a asocierii, interven\u021bie orientat\u0103 spre consolidarea formelor de asociere \u0219i valorificarea \u00een comun a resurselor \u0219i produselor locale.<\/p>\n<!-- \/wp:paragraph --><!-- wp:paragraph -->\n<p>Participarea este deschis\u0103 tuturor persoanelor interesate de oportunit\u0103\u021bile de finan\u021bare \u0219i dezvoltare local\u0103.<\/p>\n<!-- \/wp:paragraph --><!-- wp:paragraph -->\n<p><a href=\"https:\/\/www.facebook.com\/hashtag\/galtarazarandului?__cft__[0]=AZb9z_Wk_eBXH8qjFtgpxrg_rwrMPNNlQAAwNIpWAiPDsPccaR_9PD42-kB_cQu8PuYz7u9FbeKFZtLaEsiZvAgF6TSv-s_TSpvdX8-NlXnRheWraRmIGc5qKZfL-08jiKqO6sPVCNlImvoBlwECkFPGXLsm5EHo873tLtd_BV8qaw&amp;__tn__=*NK*F\">#GALTarazarandului<\/a><br \/><a href=\"https:\/\/www.facebook.com\/hashtag\/dr36?__cft__[0]=AZb9z_Wk_eBXH8qjFtgpxrg_rwrMPNNlQAAwNIpWAiPDsPccaR_9PD42-kB_cQu8PuYz7u9FbeKFZtLaEsiZvAgF6TSv-s_TSpvdX8-NlXnRheWraRmIGc5qKZfL-08jiKqO6sPVCNlImvoBlwECkFPGXLsm5EHo873tLtd_BV8qaw&amp;__tn__=*NK*F\">#DR36<\/a><br \/><a href=\"https:\/\/www.facebook.com\/hashtag\/afir?__cft__[0]=AZb9z_Wk_eBXH8qjFtgpxrg_rwrMPNNlQAAwNIpWAiPDsPccaR_9PD42-kB_cQu8PuYz7u9FbeKFZtLaEsiZvAgF6TSv-s_TSpvdX8-NlXnRheWraRmIGc5qKZfL-08jiKqO6sPVCNlImvoBlwECkFPGXLsm5EHo873tLtd_BV8qaw&amp;__tn__=*NK*F\">#AFIR<\/a><br \/><a href=\"https:\/\/www.facebook.com\/hashtag\/madr?__cft__[0]=AZb9z_Wk_eBXH8qjFtgpxrg_rwrMPNNlQAAwNIpWAiPDsPccaR_9PD42-kB_cQu8PuYz7u9FbeKFZtLaEsiZvAgF6TSv-s_TSpvdX8-NlXnRheWraRmIGc5qKZfL-08jiKqO6sPVCNlImvoBlwECkFPGXLsm5EHo873tLtd_BV8qaw&amp;__tn__=*NK*F\">#MADR<\/a><br \/><a href=\"https:\/\/www.facebook.com\/hashtag\/leader?__cft__[0]=AZb9z_Wk_eBXH8qjFtgpxrg_rwrMPNNlQAAwNIpWAiPDsPccaR_9PD42-kB_cQu8PuYz7u9FbeKFZtLaEsiZvAgF6TSv-s_TSpvdX8-NlXnRheWraRmIGc5qKZfL-08jiKqO6sPVCNlImvoBlwECkFPGXLsm5EHo873tLtd_BV8qaw&amp;__tn__=*NK*F\">#LEADER<\/a><br \/><a href=\"https:\/\/www.facebook.com\/hashtag\/strategiadezvoltarelocala?__cft__[0]=AZb9z_Wk_eBXH8qjFtgpxrg_rwrMPNNlQAAwNIpWAiPDsPccaR_9PD42-kB_cQu8PuYz7u9FbeKFZtLaEsiZvAgF6TSv-s_TSpvdX8-NlXnRheWraRmIGc5qKZfL-08jiKqO6sPVCNlImvoBlwECkFPGXLsm5EHo873tLtd_BV8qaw&amp;__tn__=*NK*F\">#StrategiaDezvoltareLocala<\/a><br \/><a href=\"https:\/\/www.facebook.com\/hashtag\/fondurieuropene?__cft__[0]=AZb9z_Wk_eBXH8qjFtgpxrg_rwrMPNNlQAAwNIpWAiPDsPccaR_9PD42-kB_cQu8PuYz7u9FbeKFZtLaEsiZvAgF6TSv-s_TSpvdX8-NlXnRheWraRmIGc5qKZfL-08jiKqO6sPVCNlImvoBlwECkFPGXLsm5EHo873tLtd_BV8qaw&amp;__tn__=*NK*F\">#FonduriEuropene<\/a><br \/><a href=\"https:\/\/www.facebook.com\/hashtag\/dezvoltarerurala?__cft__[0]=AZb9z_Wk_eBXH8qjFtgpxrg_rwrMPNNlQAAwNIpWAiPDsPccaR_9PD42-kB_cQu8PuYz7u9FbeKFZtLaEsiZvAgF6TSv-s_TSpvdX8-NlXnRheWraRmIGc5qKZfL-08jiKqO6sPVCNlImvoBlwECkFPGXLsm5EHo873tLtd_BV8qaw&amp;__tn__=*NK*F\">#DezvoltareRurala<\/a><\/p>\n<!-- \/wp:paragraph -->\t\t\t\t\t\t<\/div>\n\t\t\t\t<\/div>\n\t\t\t\t\t<\/div>\n\t\t\t\t<\/div>\n\t\t\t\t<\/div>\n\t\t","protected":false},"excerpt":{"rendered":"<p>Pe parcursul acestor \u00eent\u00e2lniri vor fi prezentate concluziile \u0219i aspectele identificate \u00een etapa de depunere \u0219i evaluare a proiectelor aferente apelurilor de investi\u021bii recent \u00eencheiate, precum \u0219i recomand\u0103ri practice pentru utilizarea corect\u0103 a platformei gal.afir. Totodat\u0103, vor fi oferite informa\u021bii actualizate privind preg\u0103tirea urm\u0103torului apel destinat solicitan\u021bilor priva\u021bi:L802 \u2013 Dezvoltarea \u0219i promovarea sustenabil\u0103 a asocierii, interven\u021bie orientat\u0103 spre consolidarea formelor de asociere \u0219i valorificarea \u00een comun a resurselor \u0219i produselor locale. Participarea este deschis\u0103 tuturor persoanelor interesate de oportunit\u0103\u021bile de finan\u021bare \u0219i dezvoltare local\u0103. #GALTarazarandului#DR36#AFIR#MADR#LEADER#StrategiaDezvoltareLocala#FonduriEuropene#DezvoltareRurala<\/p>\n","protected":false},"author":1,"featured_media":2213,"comment_status":"open","ping_status":"open","sticky":false,"template":"","format":"standard","meta":{"footnotes":""},"categories":[7],"tags":[],"class_list":["post-2212","post","type-post","status-publish","format-standard","has-post-thumbnail","hentry","category-anunturi"],"_links":{"self":[{"href":"https:\/\/tara-zarandului.ro\/index.php?rest_route=\/wp\/v2\/posts\/2212","targetHints":{"allow":["GET"]}}],"collection":[{"href":"https:\/\/tara-zarandului.ro\/index.php?rest_route=\/wp\/v2\/posts"}],"about":[{"href":"https:\/\/tara-zarandului.ro\/index.php?rest_route=\/wp\/v2\/types\/post"}],"author":[{"embeddable":true,"href":"https:\/\/tara-zarandului.ro\/index.php?rest_route=\/wp\/v2\/users\/1"}],"replies":[{"embeddable":true,"href":"https:\/\/tara-zarandului.ro\/index.php?rest_route=%2Fwp%2Fv2%2Fcomments&post=2212"}],"version-history":[{"count":4,"href":"https:\/\/tara-zarandului.ro\/index.php?rest_route=\/wp\/v2\/posts\/2212\/revisions"}],"predecessor-version":[{"id":2217,"href":"https:\/\/tara-zarandului.ro\/index.php?rest_route=\/wp\/v2\/posts\/2212\/revisions\/2217"}],"wp:featuredmedia":[{"embeddable":true,"href":"https:\/\/tara-zarandului.ro\/index.php?rest_route=\/wp\/v2\/media\/2213"}],"wp:attachment":[{"href":"https:\/\/tara-zarandului.ro\/index.php?rest_route=%2Fwp%2Fv2%2Fmedia&parent=2212"}],"wp:term":[{"taxonomy":"category","embeddable":true,"href":"https:\/\/tara-zarandului.ro\/index.php?rest_route=%2Fwp%2Fv2%2Fcategories&post=2212"},{"taxonomy":"post_tag","embeddable":true,"href":"https:\/\/tara-zarandului.ro\/index.php?rest_route=%2Fwp%2Fv2%2Ftags&post=2212"}],"curies":[{"name":"wp","href":"https:\/\/api.w.org\/{rel}","templated":true}]}}