{"id":249,"date":"2024-11-04T12:20:45","date_gmt":"2024-11-04T12:20:45","guid":{"rendered":"https:\/\/tara-zarandului.ro\/?p=249"},"modified":"2024-12-17T12:43:13","modified_gmt":"2024-12-17T12:43:13","slug":"pe-urmele-martirilor-alaturi-de-comunitatea-din-tara-zarandului","status":"publish","type":"post","link":"https:\/\/tara-zarandului.ro\/?p=249","title":{"rendered":"Pe urmele martirilor al\u0103turi de comunitatea din \u021aara Zarandului!"},"content":{"rendered":"\n<p>\u00cen data de 03.11.2024, Grupul de Ac\u021biune Local\u0103 \u201c\u021aara Zarandului\u201d a avut onoarea de a participa cu m\u00e2ndrie la evenimentul tradi\u021bional de comemorare \u201eHorea, Clo\u0219ca \u0219i Cri\u0219an \u2013 Pe urmele martirilor\u201d, organizat de Prim\u0103ria, Consiliul Local al comunei Bucure\u0219ci \u0219i Consiliul Jude\u021bean Hunedoara. \u00centr-o atmosfer\u0103 plin\u0103 de emo\u021bie, la Curechiu, jude\u021bul Hunedoara, ne-am adunat cu to\u021bii pentru a rememora momentele de sacrificiu \u0219i lupt\u0103 pentru libertate ale eroilor no\u0219tri.<\/p>\n\n\n\n<p><br>Manifestarea a fost o re\u00eentoarcere simbolic\u0103 la valorile luptei pentru dreptate social\u0103 \u0219i na\u021bional\u0103, marc\u00e2nd cu respect amintirea R\u0103scoalei de la 1784 \u0219i eroismul lui Horea, Clo\u0219ca \u0219i Cri\u0219an. Acest eveniment ne-a amintit de esen\u021ba identit\u0103\u021bii \u0219i demnit\u0103\u021bii noastre, valori care inspir\u0103 genera\u021bii \u00eentregi.<\/p>\n\n\n\n<p><br> \u00cen cadrul s\u0103rb\u0103torii, Grupul de Ac\u021biune Local\u0103 \u201c\u021aara Zarandului\u201d a avut al\u0103turi \u0219i de aceast\u0103 dat\u0103 produc\u0103torii locali \u0219i mesterii populari, prezen\u021bi cu produse autentice realizate cu pasiune, o adev\u0103rat\u0103 celebrare a tradi\u021biilor \u0219i talentului comunit\u0103\u021bii noastre.<\/p>\n\n\n\n<p><br>Mul\u021bumim tuturor celor care ni s-au al\u0103turat ast\u0103zi pentru a onora \u00eempreun\u0103 memoria eroilor martiri \u0219i pentru a sus\u021bine autenticitatea \u0219i frumuse\u021bea tradi\u021biilor locale. Ne-am bucurat s\u0103 fim al\u0103turi de voi \u00een aceast\u0103 zi special\u0103!\ud83c\udf04<\/p>\n\n\n\n<p><\/p>\n","protected":false},"excerpt":{"rendered":"<p>\u00cen data de 03.11.2024, Grupul de Ac\u021biune Local\u0103 \u201c\u021aara Zarandului\u201d a avut onoarea de a participa cu m\u00e2ndrie la evenimentul tradi\u021bional de comemorare \u201eHorea, Clo\u0219ca \u0219i Cri\u0219an \u2013 Pe urmele martirilor\u201d, organizat de Prim\u0103ria, Consiliul Local al comunei Bucure\u0219ci \u0219i Consiliul Jude\u021bean Hunedoara. \u00centr-o atmosfer\u0103 plin\u0103 de emo\u021bie, la Curechiu, jude\u021bul Hunedoara, ne-am adunat cu to\u021bii pentru a rememora momentele de sacrificiu \u0219i lupt\u0103 pentru libertate ale eroilor no\u0219tri. Manifestarea a fost o re\u00eentoarcere simbolic\u0103 la valorile luptei pentru dreptate social\u0103 \u0219i na\u021bional\u0103, marc\u00e2nd cu respect amintirea R\u0103scoalei de la 1784 \u0219i eroismul lui Horea, Clo\u0219ca \u0219i Cri\u0219an. Acest eveniment ne-a amintit de esen\u021ba identit\u0103\u021bii \u0219i demnit\u0103\u021bii noastre, valori care inspir\u0103 genera\u021bii \u00eentregi. \u00cen cadrul s\u0103rb\u0103torii, Grupul de Ac\u021biune Local\u0103 \u201c\u021aara Zarandului\u201d a avut al\u0103turi \u0219i de aceast\u0103 dat\u0103 produc\u0103torii locali \u0219i mesterii populari, prezen\u021bi cu produse autentice realizate cu pasiune, o adev\u0103rat\u0103 celebrare a tradi\u021biilor \u0219i talentului comunit\u0103\u021bii noastre. Mul\u021bumim tuturor celor care ni s-au al\u0103turat ast\u0103zi pentru a onora \u00eempreun\u0103 memoria eroilor martiri \u0219i pentru a sus\u021bine autenticitatea \u0219i frumuse\u021bea tradi\u021biilor locale. Ne-am bucurat s\u0103 fim al\u0103turi de voi \u00een aceast\u0103 zi special\u0103!\ud83c\udf04<\/p>\n","protected":false},"author":1,"featured_media":1173,"comment_status":"open","ping_status":"open","sticky":false,"template":"","format":"standard","meta":{"footnotes":""},"categories":[8],"tags":[],"class_list":["post-249","post","type-post","status-publish","format-standard","has-post-thumbnail","hentry","category-stiri"],"_links":{"self":[{"href":"https:\/\/tara-zarandului.ro\/index.php?rest_route=\/wp\/v2\/posts\/249","targetHints":{"allow":["GET"]}}],"collection":[{"href":"https:\/\/tara-zarandului.ro\/index.php?rest_route=\/wp\/v2\/posts"}],"about":[{"href":"https:\/\/tara-zarandului.ro\/index.php?rest_route=\/wp\/v2\/types\/post"}],"author":[{"embeddable":true,"href":"https:\/\/tara-zarandului.ro\/index.php?rest_route=\/wp\/v2\/users\/1"}],"replies":[{"embeddable":true,"href":"https:\/\/tara-zarandului.ro\/index.php?rest_route=%2Fwp%2Fv2%2Fcomments&post=249"}],"version-history":[{"count":3,"href":"https:\/\/tara-zarandului.ro\/index.php?rest_route=\/wp\/v2\/posts\/249\/revisions"}],"predecessor-version":[{"id":266,"href":"https:\/\/tara-zarandului.ro\/index.php?rest_route=\/wp\/v2\/posts\/249\/revisions\/266"}],"wp:featuredmedia":[{"embeddable":true,"href":"https:\/\/tara-zarandului.ro\/index.php?rest_route=\/wp\/v2\/media\/1173"}],"wp:attachment":[{"href":"https:\/\/tara-zarandului.ro\/index.php?rest_route=%2Fwp%2Fv2%2Fmedia&parent=249"}],"wp:term":[{"taxonomy":"category","embeddable":true,"href":"https:\/\/tara-zarandului.ro\/index.php?rest_route=%2Fwp%2Fv2%2Fcategories&post=249"},{"taxonomy":"post_tag","embeddable":true,"href":"https:\/\/tara-zarandului.ro\/index.php?rest_route=%2Fwp%2Fv2%2Ftags&post=249"}],"curies":[{"name":"wp","href":"https:\/\/api.w.org\/{rel}","templated":true}]}}